{"id":96330,"date":"2026-09-04T14:44:32","date_gmt":"2026-09-04T12:44:32","guid":{"rendered":"https:\/\/www.travmagazine.be\/?p=96330"},"modified":"2026-09-04T15:53:13","modified_gmt":"2026-09-04T13:53:13","slug":"abto-327-millions-de-belges-veulent-encore-partir-en-voyage-cette-annee","status":"publish","type":"post","link":"https:\/\/www.travmagazine.be\/fr\/abto-327-millions-de-belges-veulent-encore-partir-en-voyage-cette-annee\/","title":{"rendered":"ABTO : 3,27 millions de Belges veulent encore partir en voyage cette ann\u00e9e"},"content":{"rendered":"Quelque 3,27 millions de voyageurs belges souhaitent encore partir en voyage avant la fin de l\u2019ann\u00e9e, mais n\u2019avaient pas encore r\u00e9serv\u00e9 leur s\u00e9jour au moment de l\u2019enqu\u00eate men\u00e9e en ao\u00fbt. Le march\u00e9 restant \u00e0 concr\u00e9tiser demeure donc consid\u00e9rable, m\u00eame si le volume est nettement inf\u00e9rieur \u00e0 celui des ann\u00e9es pr\u00e9c\u00e9dentes. <a href=\"https:\/\/www.travmagazine.be\/fr\/abto-327-millions-de-belges-veulent-encore-partir-en-voyage-cette-annee\/\" class=\"more-link\">(suite\u2026)<\/a>","protected":false},"excerpt":{"rendered":"<p>Quelque 3,27 millions de voyageurs belges souhaitent encore partir en voyage avant la fin de l\u2019ann\u00e9e, mais n\u2019avaient pas encore r\u00e9serv\u00e9 leur s\u00e9jour au moment de l\u2019enqu\u00eate men\u00e9e en ao\u00fbt. Le march\u00e9 restant \u00e0 concr\u00e9tiser demeure donc consid\u00e9rable, m\u00eame si le volume est nettement inf\u00e9rieur \u00e0 celui des ann\u00e9es pr\u00e9c\u00e9dentes. (suite\u2026)<\/p>\n","protected":false},"author":20910,"featured_media":96328,"comment_status":"open","ping_status":"closed","sticky":false,"template":"","format":"standard","meta":{"_acf_changed":false,"_genesis_hide_title":false,"_genesis_hide_breadcrumbs":false,"_genesis_hide_singular_image":false,"_genesis_hide_footer_widgets":false,"_genesis_custom_body_class":"","_genesis_custom_post_class":"","_genesis_layout":"","footnotes":""},"categories":[48330],"tags":[],"ppma_author":[48384],"class_list":["post-96330","post","type-post","status-publish","format-standard","has-post-thumbnail","category-nouvelles","entry"],"acf":[],"yoast_head":"<!-- This site is optimized with the Yoast SEO Premium plugin v26.1 (Yoast SEO v28.4) - https:\/\/yoast.com\/product\/yoast-seo-premium-wordpress\/ -->\n<title>ABTO : 3,27 millions de Belges veulent encore partir en voyage cette ann\u00e9e - TravMagazine<\/title>\n<meta name=\"robots\" content=\"index, follow, max-snippet:-1, max-image-preview:large, max-video-preview:-1\" \/>\n<link rel=\"canonical\" href=\"https:\/\/www.travmagazine.be\/fr\/abto-327-millions-de-belges-veulent-encore-partir-en-voyage-cette-annee\/\" \/>\n<meta property=\"og:locale\" content=\"fr_FR\" \/>\n<meta property=\"og:type\" content=\"article\" \/>\n<meta property=\"og:title\" content=\"ABTO : 3,27 millions de Belges veulent encore partir en voyage cette ann\u00e9e\" \/>\n<meta property=\"og:description\" content=\"Quelque 3,27 millions de voyageurs belges souhaitent encore partir en voyage avant la fin de l\u2019ann\u00e9e, mais n\u2019avaient pas encore r\u00e9serv\u00e9 leur s\u00e9jour au moment de l\u2019enqu\u00eate men\u00e9e en ao\u00fbt. Le march\u00e9 restant \u00e0 concr\u00e9tiser demeure donc consid\u00e9rable, m\u00eame si le volume est nettement inf\u00e9rieur \u00e0 celui des ann\u00e9es pr\u00e9c\u00e9dentes. (suite\u2026)\" \/>\n<meta property=\"og:url\" content=\"https:\/\/www.travmagazine.be\/fr\/abto-327-millions-de-belges-veulent-encore-partir-en-voyage-cette-annee\/\" \/>\n<meta property=\"og:site_name\" content=\"TravMagazine\" \/>\n<meta property=\"article:publisher\" content=\"https:\/\/www.facebook.com\/travmagazine\" \/>\n<meta property=\"article:published_time\" content=\"2026-09-04T12:44:32+00:00\" \/>\n<meta property=\"article:modified_time\" content=\"2026-09-04T13:53:13+00:00\" \/>\n<meta property=\"og:image\" content=\"https:\/\/www.travmagazine.be\/wp-content\/uploads\/2026\/09\/getty-images-NeAGkIyuQwo-unsplash.jpg\" \/>\n\t<meta property=\"og:image:width\" content=\"1920\" \/>\n\t<meta property=\"og:image:height\" content=\"1280\" \/>\n\t<meta property=\"og:image:type\" content=\"image\/jpeg\" \/>\n<meta name=\"author\" content=\"Cesar Van den Bergh\" \/>\n<meta name=\"twitter:label1\" content=\"\u00c9crit par\" \/>\n\t<meta name=\"twitter:data1\" content=\"Cesar Van den Bergh\" \/>\n\t<meta name=\"twitter:label2\" content=\"Dur\u00e9e de lecture estim\u00e9e\" \/>\n\t<meta name=\"twitter:data2\" content=\"3 minutes\" \/>\n<script type=\"application\/ld+json\" class=\"yoast-schema-graph\">{\"@context\":\"https:\\\/\\\/schema.org\",\"@graph\":[{\"@type\":\"Article\",\"@id\":\"https:\\\/\\\/www.travmagazine.be\\\/fr\\\/abto-327-millions-de-belges-veulent-encore-partir-en-voyage-cette-annee\\\/#article\",\"isPartOf\":{\"@id\":\"https:\\\/\\\/www.travmagazine.be\\\/fr\\\/abto-327-millions-de-belges-veulent-encore-partir-en-voyage-cette-annee\\\/\"},\"author\":{\"name\":\"Cesar Van den Bergh\",\"@id\":\"https:\\\/\\\/www.travmagazine.be\\\/fr\\\/#\\\/schema\\\/person\\\/e92168bd2471a9800bc98124f3652890\"},\"headline\":\"ABTO : 3,27 millions de Belges veulent encore partir en voyage cette ann\u00e9e\",\"datePublished\":\"2026-09-04T12:44:32+00:00\",\"dateModified\":\"2026-09-04T13:53:13+00:00\",\"mainEntityOfPage\":{\"@id\":\"https:\\\/\\\/www.travmagazine.be\\\/fr\\\/abto-327-millions-de-belges-veulent-encore-partir-en-voyage-cette-annee\\\/\"},\"wordCount\":410,\"commentCount\":0,\"publisher\":{\"@id\":\"https:\\\/\\\/www.travmagazine.be\\\/fr\\\/#organization\"},\"image\":{\"@id\":\"https:\\\/\\\/www.travmagazine.be\\\/fr\\\/abto-327-millions-de-belges-veulent-encore-partir-en-voyage-cette-annee\\\/#primaryimage\"},\"thumbnailUrl\":\"https:\\\/\\\/www.travmagazine.be\\\/wp-content\\\/uploads\\\/2026\\\/09\\\/getty-images-NeAGkIyuQwo-unsplash.jpg\",\"articleSection\":[\"Nouvelles\"],\"inLanguage\":\"fr-FR\",\"potentialAction\":[{\"@type\":\"CommentAction\",\"name\":\"Comment\",\"target\":[\"https:\\\/\\\/www.travmagazine.be\\\/fr\\\/abto-327-millions-de-belges-veulent-encore-partir-en-voyage-cette-annee\\\/#respond\"]}]},{\"@type\":\"WebPage\",\"@id\":\"https:\\\/\\\/www.travmagazine.be\\\/fr\\\/abto-327-millions-de-belges-veulent-encore-partir-en-voyage-cette-annee\\\/\",\"url\":\"https:\\\/\\\/www.travmagazine.be\\\/fr\\\/abto-327-millions-de-belges-veulent-encore-partir-en-voyage-cette-annee\\\/\",\"name\":\"ABTO : 3,27 millions de Belges veulent encore partir en voyage cette ann\u00e9e - TravMagazine\",\"isPartOf\":{\"@id\":\"https:\\\/\\\/www.travmagazine.be\\\/fr\\\/#website\"},\"primaryImageOfPage\":{\"@id\":\"https:\\\/\\\/www.travmagazine.be\\\/fr\\\/abto-327-millions-de-belges-veulent-encore-partir-en-voyage-cette-annee\\\/#primaryimage\"},\"image\":{\"@id\":\"https:\\\/\\\/www.travmagazine.be\\\/fr\\\/abto-327-millions-de-belges-veulent-encore-partir-en-voyage-cette-annee\\\/#primaryimage\"},\"thumbnailUrl\":\"https:\\\/\\\/www.travmagazine.be\\\/wp-content\\\/uploads\\\/2026\\\/09\\\/getty-images-NeAGkIyuQwo-unsplash.jpg\",\"datePublished\":\"2026-09-04T12:44:32+00:00\",\"dateModified\":\"2026-09-04T13:53:13+00:00\",\"breadcrumb\":{\"@id\":\"https:\\\/\\\/www.travmagazine.be\\\/fr\\\/abto-327-millions-de-belges-veulent-encore-partir-en-voyage-cette-annee\\\/#breadcrumb\"},\"inLanguage\":\"fr-FR\",\"potentialAction\":[{\"@type\":\"ReadAction\",\"target\":[\"https:\\\/\\\/www.travmagazine.be\\\/fr\\\/abto-327-millions-de-belges-veulent-encore-partir-en-voyage-cette-annee\\\/\"]}]},{\"@type\":\"ImageObject\",\"inLanguage\":\"fr-FR\",\"@id\":\"https:\\\/\\\/www.travmagazine.be\\\/fr\\\/abto-327-millions-de-belges-veulent-encore-partir-en-voyage-cette-annee\\\/#primaryimage\",\"url\":\"https:\\\/\\\/www.travmagazine.be\\\/wp-content\\\/uploads\\\/2026\\\/09\\\/getty-images-NeAGkIyuQwo-unsplash.jpg\",\"contentUrl\":\"https:\\\/\\\/www.travmagazine.be\\\/wp-content\\\/uploads\\\/2026\\\/09\\\/getty-images-NeAGkIyuQwo-unsplash.jpg\",\"width\":1920,\"height\":1280},{\"@type\":\"BreadcrumbList\",\"@id\":\"https:\\\/\\\/www.travmagazine.be\\\/fr\\\/abto-327-millions-de-belges-veulent-encore-partir-en-voyage-cette-annee\\\/#breadcrumb\",\"itemListElement\":[{\"@type\":\"ListItem\",\"position\":1,\"name\":\"Home\",\"item\":\"https:\\\/\\\/www.travmagazine.be\\\/fr\\\/home\\\/\"},{\"@type\":\"ListItem\",\"position\":2,\"name\":\"ABTO : 3,27 millions de Belges veulent encore partir en voyage cette ann\u00e9e\"}]},{\"@type\":\"WebSite\",\"@id\":\"https:\\\/\\\/www.travmagazine.be\\\/fr\\\/#website\",\"url\":\"https:\\\/\\\/www.travmagazine.be\\\/fr\\\/\",\"name\":\"TravMagazine\",\"description\":\"Het grootste reisvakblad van Belgi\u00eb\",\"publisher\":{\"@id\":\"https:\\\/\\\/www.travmagazine.be\\\/fr\\\/#organization\"},\"potentialAction\":[{\"@type\":\"SearchAction\",\"target\":{\"@type\":\"EntryPoint\",\"urlTemplate\":\"https:\\\/\\\/www.travmagazine.be\\\/fr\\\/?s={search_term_string}\"},\"query-input\":{\"@type\":\"PropertyValueSpecification\",\"valueRequired\":true,\"valueName\":\"search_term_string\"}}],\"inLanguage\":\"fr-FR\"},{\"@type\":\"Organization\",\"@id\":\"https:\\\/\\\/www.travmagazine.be\\\/fr\\\/#organization\",\"name\":\"TravMagazine\",\"url\":\"https:\\\/\\\/www.travmagazine.be\\\/fr\\\/\",\"logo\":{\"@type\":\"ImageObject\",\"inLanguage\":\"fr-FR\",\"@id\":\"https:\\\/\\\/www.travmagazine.be\\\/fr\\\/#\\\/schema\\\/logo\\\/image\\\/\",\"url\":\"https:\\\/\\\/www.travmagazine.be\\\/wp-content\\\/uploads\\\/2016\\\/02\\\/Logo-Trav-Magazine_rgb.png\",\"contentUrl\":\"https:\\\/\\\/www.travmagazine.be\\\/wp-content\\\/uploads\\\/2016\\\/02\\\/Logo-Trav-Magazine_rgb.png\",\"width\":1489,\"height\":288,\"caption\":\"TravMagazine\"},\"image\":{\"@id\":\"https:\\\/\\\/www.travmagazine.be\\\/fr\\\/#\\\/schema\\\/logo\\\/image\\\/\"},\"sameAs\":[\"https:\\\/\\\/www.facebook.com\\\/travmagazine\",\"https:\\\/\\\/x.com\\\/travmagazine\",\"https:\\\/\\\/www.linkedin.com\\\/company\\\/travmagazine-belgi\u00eb-luxemburg\\\/\"]},{\"@type\":\"Person\",\"@id\":\"https:\\\/\\\/www.travmagazine.be\\\/fr\\\/#\\\/schema\\\/person\\\/e92168bd2471a9800bc98124f3652890\",\"name\":\"Cesar Van den Bergh\",\"image\":{\"@type\":\"ImageObject\",\"inLanguage\":\"fr-FR\",\"@id\":\"https:\\\/\\\/secure.gravatar.com\\\/avatar\\\/c5ee8c4e03fb9aeca3f95bb1a35933990183f02c132955e73c53d4ea4884c7a2?s=96&d=mm&r=g04c81918da123d08515faf3fc3e0bad4\",\"url\":\"https:\\\/\\\/secure.gravatar.com\\\/avatar\\\/c5ee8c4e03fb9aeca3f95bb1a35933990183f02c132955e73c53d4ea4884c7a2?s=96&d=mm&r=g\",\"contentUrl\":\"https:\\\/\\\/secure.gravatar.com\\\/avatar\\\/c5ee8c4e03fb9aeca3f95bb1a35933990183f02c132955e73c53d4ea4884c7a2?s=96&d=mm&r=g\",\"caption\":\"Cesar Van den Bergh\"},\"url\":\"https:\\\/\\\/www.travmagazine.be\\\/fr\\\/author\\\/cesar-van-den-bergh\\\/\"}]}<\/script>\n<!-- \/ Yoast SEO Premium plugin. -->","yoast_head_json":{"title":"ABTO : 3,27 millions de Belges veulent encore partir en voyage cette ann\u00e9e - TravMagazine","robots":{"index":"index","follow":"follow","max-snippet":"max-snippet:-1","max-image-preview":"max-image-preview:large","max-video-preview":"max-video-preview:-1"},"canonical":"https:\/\/www.travmagazine.be\/fr\/abto-327-millions-de-belges-veulent-encore-partir-en-voyage-cette-annee\/","og_locale":"fr_FR","og_type":"article","og_title":"ABTO : 3,27 millions de Belges veulent encore partir en voyage cette ann\u00e9e","og_description":"Quelque 3,27 millions de voyageurs belges souhaitent encore partir en voyage avant la fin de l\u2019ann\u00e9e, mais n\u2019avaient pas encore r\u00e9serv\u00e9 leur s\u00e9jour au moment de l\u2019enqu\u00eate men\u00e9e en ao\u00fbt. Le march\u00e9 restant \u00e0 concr\u00e9tiser demeure donc consid\u00e9rable, m\u00eame si le volume est nettement inf\u00e9rieur \u00e0 celui des ann\u00e9es pr\u00e9c\u00e9dentes. (suite\u2026)","og_url":"https:\/\/www.travmagazine.be\/fr\/abto-327-millions-de-belges-veulent-encore-partir-en-voyage-cette-annee\/","og_site_name":"TravMagazine","article_publisher":"https:\/\/www.facebook.com\/travmagazine","article_published_time":"2026-09-04T12:44:32+00:00","article_modified_time":"2026-09-04T13:53:13+00:00","og_image":[{"width":1920,"height":1280,"url":"https:\/\/www.travmagazine.be\/wp-content\/uploads\/2026\/09\/getty-images-NeAGkIyuQwo-unsplash.jpg","type":"image\/jpeg"}],"author":"Cesar Van den Bergh","twitter_misc":{"\u00c9crit par":"Cesar Van den Bergh","Dur\u00e9e de lecture estim\u00e9e":"3 minutes"},"schema":{"@context":"https:\/\/schema.org","@graph":[{"@type":"Article","@id":"https:\/\/www.travmagazine.be\/fr\/abto-327-millions-de-belges-veulent-encore-partir-en-voyage-cette-annee\/#article","isPartOf":{"@id":"https:\/\/www.travmagazine.be\/fr\/abto-327-millions-de-belges-veulent-encore-partir-en-voyage-cette-annee\/"},"author":{"name":"Cesar Van den Bergh","@id":"https:\/\/www.travmagazine.be\/fr\/#\/schema\/person\/e92168bd2471a9800bc98124f3652890"},"headline":"ABTO : 3,27 millions de Belges veulent encore partir en voyage cette ann\u00e9e","datePublished":"2026-09-04T12:44:32+00:00","dateModified":"2026-09-04T13:53:13+00:00","mainEntityOfPage":{"@id":"https:\/\/www.travmagazine.be\/fr\/abto-327-millions-de-belges-veulent-encore-partir-en-voyage-cette-annee\/"},"wordCount":410,"commentCount":0,"publisher":{"@id":"https:\/\/www.travmagazine.be\/fr\/#organization"},"image":{"@id":"https:\/\/www.travmagazine.be\/fr\/abto-327-millions-de-belges-veulent-encore-partir-en-voyage-cette-annee\/#primaryimage"},"thumbnailUrl":"https:\/\/www.travmagazine.be\/wp-content\/uploads\/2026\/09\/getty-images-NeAGkIyuQwo-unsplash.jpg","articleSection":["Nouvelles"],"inLanguage":"fr-FR","potentialAction":[{"@type":"CommentAction","name":"Comment","target":["https:\/\/www.travmagazine.be\/fr\/abto-327-millions-de-belges-veulent-encore-partir-en-voyage-cette-annee\/#respond"]}]},{"@type":"WebPage","@id":"https:\/\/www.travmagazine.be\/fr\/abto-327-millions-de-belges-veulent-encore-partir-en-voyage-cette-annee\/","url":"https:\/\/www.travmagazine.be\/fr\/abto-327-millions-de-belges-veulent-encore-partir-en-voyage-cette-annee\/","name":"ABTO : 3,27 millions de Belges veulent encore partir en voyage cette ann\u00e9e - TravMagazine","isPartOf":{"@id":"https:\/\/www.travmagazine.be\/fr\/#website"},"primaryImageOfPage":{"@id":"https:\/\/www.travmagazine.be\/fr\/abto-327-millions-de-belges-veulent-encore-partir-en-voyage-cette-annee\/#primaryimage"},"image":{"@id":"https:\/\/www.travmagazine.be\/fr\/abto-327-millions-de-belges-veulent-encore-partir-en-voyage-cette-annee\/#primaryimage"},"thumbnailUrl":"https:\/\/www.travmagazine.be\/wp-content\/uploads\/2026\/09\/getty-images-NeAGkIyuQwo-unsplash.jpg","datePublished":"2026-09-04T12:44:32+00:00","dateModified":"2026-09-04T13:53:13+00:00","breadcrumb":{"@id":"https:\/\/www.travmagazine.be\/fr\/abto-327-millions-de-belges-veulent-encore-partir-en-voyage-cette-annee\/#breadcrumb"},"inLanguage":"fr-FR","potentialAction":[{"@type":"ReadAction","target":["https:\/\/www.travmagazine.be\/fr\/abto-327-millions-de-belges-veulent-encore-partir-en-voyage-cette-annee\/"]}]},{"@type":"ImageObject","inLanguage":"fr-FR","@id":"https:\/\/www.travmagazine.be\/fr\/abto-327-millions-de-belges-veulent-encore-partir-en-voyage-cette-annee\/#primaryimage","url":"https:\/\/www.travmagazine.be\/wp-content\/uploads\/2026\/09\/getty-images-NeAGkIyuQwo-unsplash.jpg","contentUrl":"https:\/\/www.travmagazine.be\/wp-content\/uploads\/2026\/09\/getty-images-NeAGkIyuQwo-unsplash.jpg","width":1920,"height":1280},{"@type":"BreadcrumbList","@id":"https:\/\/www.travmagazine.be\/fr\/abto-327-millions-de-belges-veulent-encore-partir-en-voyage-cette-annee\/#breadcrumb","itemListElement":[{"@type":"ListItem","position":1,"name":"Home","item":"https:\/\/www.travmagazine.be\/fr\/home\/"},{"@type":"ListItem","position":2,"name":"ABTO : 3,27 millions de Belges veulent encore partir en voyage cette ann\u00e9e"}]},{"@type":"WebSite","@id":"https:\/\/www.travmagazine.be\/fr\/#website","url":"https:\/\/www.travmagazine.be\/fr\/","name":"TravMagazine","description":"Het grootste reisvakblad van Belgi\u00eb","publisher":{"@id":"https:\/\/www.travmagazine.be\/fr\/#organization"},"potentialAction":[{"@type":"SearchAction","target":{"@type":"EntryPoint","urlTemplate":"https:\/\/www.travmagazine.be\/fr\/?s={search_term_string}"},"query-input":{"@type":"PropertyValueSpecification","valueRequired":true,"valueName":"search_term_string"}}],"inLanguage":"fr-FR"},{"@type":"Organization","@id":"https:\/\/www.travmagazine.be\/fr\/#organization","name":"TravMagazine","url":"https:\/\/www.travmagazine.be\/fr\/","logo":{"@type":"ImageObject","inLanguage":"fr-FR","@id":"https:\/\/www.travmagazine.be\/fr\/#\/schema\/logo\/image\/","url":"https:\/\/www.travmagazine.be\/wp-content\/uploads\/2016\/02\/Logo-Trav-Magazine_rgb.png","contentUrl":"https:\/\/www.travmagazine.be\/wp-content\/uploads\/2016\/02\/Logo-Trav-Magazine_rgb.png","width":1489,"height":288,"caption":"TravMagazine"},"image":{"@id":"https:\/\/www.travmagazine.be\/fr\/#\/schema\/logo\/image\/"},"sameAs":["https:\/\/www.facebook.com\/travmagazine","https:\/\/x.com\/travmagazine","https:\/\/www.linkedin.com\/company\/travmagazine-belgi\u00eb-luxemburg\/"]},{"@type":"Person","@id":"https:\/\/www.travmagazine.be\/fr\/#\/schema\/person\/e92168bd2471a9800bc98124f3652890","name":"Cesar Van den Bergh","image":{"@type":"ImageObject","inLanguage":"fr-FR","@id":"https:\/\/secure.gravatar.com\/avatar\/c5ee8c4e03fb9aeca3f95bb1a35933990183f02c132955e73c53d4ea4884c7a2?s=96&d=mm&r=g04c81918da123d08515faf3fc3e0bad4","url":"https:\/\/secure.gravatar.com\/avatar\/c5ee8c4e03fb9aeca3f95bb1a35933990183f02c132955e73c53d4ea4884c7a2?s=96&d=mm&r=g","contentUrl":"https:\/\/secure.gravatar.com\/avatar\/c5ee8c4e03fb9aeca3f95bb1a35933990183f02c132955e73c53d4ea4884c7a2?s=96&d=mm&r=g","caption":"Cesar Van den Bergh"},"url":"https:\/\/www.travmagazine.be\/fr\/author\/cesar-van-den-bergh\/"}]}},"featured_image_src":"https:\/\/www.travmagazine.be\/wp-content\/uploads\/2026\/09\/getty-images-NeAGkIyuQwo-unsplash-600x400.jpg","featured_image_src_square":"https:\/\/www.travmagazine.be\/wp-content\/uploads\/2026\/09\/getty-images-NeAGkIyuQwo-unsplash-600x600.jpg","author_info":{"display_name":"Cesar Van den Bergh","author_link":"https:\/\/www.travmagazine.be\/fr\/author\/cesar-van-den-bergh\/"},"publishpress_future_action":{"enabled":false,"date":"2026-09-12 06:23:57","action":"change-status","newStatus":"draft","terms":[],"taxonomy":"category","extraData":[]},"publishpress_future_workflow_manual_trigger":{"enabledWorkflows":[]},"authors":[{"term_id":48384,"user_id":20910,"is_guest":0,"slug":"cesar-van-den-bergh","display_name":"Cesar Van den Bergh","avatar_url":"https:\/\/secure.gravatar.com\/avatar\/c5ee8c4e03fb9aeca3f95bb1a35933990183f02c132955e73c53d4ea4884c7a2?s=96&d=mm&r=g","author_category":"","user_url":"","last_name":"Van den Bergh","first_name":"Cesar","user_email_2":"","job_title":"","description":""}],"_links":{"self":[{"href":"https:\/\/www.travmagazine.be\/fr\/wp-json\/wp\/v2\/posts\/96330","targetHints":{"allow":["GET"]}}],"collection":[{"href":"https:\/\/www.travmagazine.be\/fr\/wp-json\/wp\/v2\/posts"}],"about":[{"href":"https:\/\/www.travmagazine.be\/fr\/wp-json\/wp\/v2\/types\/post"}],"author":[{"embeddable":true,"href":"https:\/\/www.travmagazine.be\/fr\/wp-json\/wp\/v2\/users\/20910"}],"replies":[{"embeddable":true,"href":"https:\/\/www.travmagazine.be\/fr\/wp-json\/wp\/v2\/comments?post=96330"}],"version-history":[{"count":1,"href":"https:\/\/www.travmagazine.be\/fr\/wp-json\/wp\/v2\/posts\/96330\/revisions"}],"predecessor-version":[{"id":96331,"href":"https:\/\/www.travmagazine.be\/fr\/wp-json\/wp\/v2\/posts\/96330\/revisions\/96331"}],"wp:featuredmedia":[{"embeddable":true,"href":"https:\/\/www.travmagazine.be\/fr\/wp-json\/wp\/v2\/media\/96328"}],"wp:attachment":[{"href":"https:\/\/www.travmagazine.be\/fr\/wp-json\/wp\/v2\/media?parent=96330"}],"wp:term":[{"taxonomy":"category","embeddable":true,"href":"https:\/\/www.travmagazine.be\/fr\/wp-json\/wp\/v2\/categories?post=96330"},{"taxonomy":"post_tag","embeddable":true,"href":"https:\/\/www.travmagazine.be\/fr\/wp-json\/wp\/v2\/tags?post=96330"},{"taxonomy":"author","embeddable":true,"href":"https:\/\/www.travmagazine.be\/fr\/wp-json\/wp\/v2\/ppma_author?post=96330"}],"curies":[{"name":"wp","href":"https:\/\/api.w.org\/{rel}","templated":true}]}}