{"id":96253,"date":"2026-09-03T13:25:49","date_gmt":"2026-09-03T11:25:49","guid":{"rendered":"https:\/\/www.travmagazine.be\/?p=96253"},"modified":"2026-09-03T13:25:49","modified_gmt":"2026-09-03T11:25:49","slug":"air-europa-quarante-ans-desprit-pionnier-et-de-croissance","status":"publish","type":"post","link":"https:\/\/www.travmagazine.be\/fr\/air-europa-quarante-ans-desprit-pionnier-et-de-croissance\/","title":{"rendered":"Air Europa : quarante ans d\u2019esprit pionnier et de croissance"},"content":{"rendered":"Ce qui a commenc\u00e9 en 1986 par un premier vol commercial entre Tenerife et Londres est devenu, quatre d\u00e9cennies plus tard, une compagnie a\u00e9rienne reliant l\u2019Europe et l\u2019Am\u00e9rique. Air Europa c\u00e9l\u00e8bre son quaranti\u00e8me anniversaire en revenant sur une histoire jalonn\u00e9e d\u2019innovations et d\u2019expansion internationale. D\u00e8s 1988, la compagnie marque l\u2019histoire <a href=\"https:\/\/www.travmagazine.be\/fr\/air-europa-quarante-ans-desprit-pionnier-et-de-croissance\/\" class=\"more-link\">(suite\u2026)<\/a>","protected":false},"excerpt":{"rendered":"<p>Ce qui a commenc\u00e9 en 1986 par un premier vol commercial entre Tenerife et Londres est devenu, quatre d\u00e9cennies plus tard, une compagnie a\u00e9rienne reliant l\u2019Europe et l\u2019Am\u00e9rique. Air Europa c\u00e9l\u00e8bre son quaranti\u00e8me anniversaire en revenant sur une histoire jalonn\u00e9e d\u2019innovations et d\u2019expansion internationale. D\u00e8s 1988, la compagnie marque l\u2019histoire (suite\u2026)<\/p>\n","protected":false},"author":20255,"featured_media":96251,"comment_status":"open","ping_status":"closed","sticky":false,"template":"","format":"standard","meta":{"_acf_changed":false,"_genesis_hide_title":false,"_genesis_hide_breadcrumbs":false,"_genesis_hide_singular_image":false,"_genesis_hide_footer_widgets":false,"_genesis_custom_body_class":"","_genesis_custom_post_class":"","_genesis_layout":"","footnotes":""},"categories":[48330],"tags":[],"ppma_author":[48305],"class_list":["post-96253","post","type-post","status-publish","format-standard","has-post-thumbnail","category-nouvelles","entry"],"acf":[],"yoast_head":"<!-- This site is optimized with the Yoast SEO Premium plugin v26.1 (Yoast SEO v28.4) - https:\/\/yoast.com\/product\/yoast-seo-premium-wordpress\/ -->\n<title>Air Europa : quarante ans d\u2019esprit pionnier et de croissance - TravMagazine<\/title>\n<meta name=\"robots\" content=\"index, follow, max-snippet:-1, max-image-preview:large, max-video-preview:-1\" \/>\n<link rel=\"canonical\" href=\"https:\/\/www.travmagazine.be\/fr\/air-europa-quarante-ans-desprit-pionnier-et-de-croissance\/\" \/>\n<meta property=\"og:locale\" content=\"fr_FR\" \/>\n<meta property=\"og:type\" content=\"article\" \/>\n<meta property=\"og:title\" content=\"Air Europa : quarante ans d\u2019esprit pionnier et de croissance\" \/>\n<meta property=\"og:description\" content=\"Ce qui a commenc\u00e9 en 1986 par un premier vol commercial entre Tenerife et Londres est devenu, quatre d\u00e9cennies plus tard, une compagnie a\u00e9rienne reliant l\u2019Europe et l\u2019Am\u00e9rique. Air Europa c\u00e9l\u00e8bre son quaranti\u00e8me anniversaire en revenant sur une histoire jalonn\u00e9e d\u2019innovations et d\u2019expansion internationale. D\u00e8s 1988, la compagnie marque l\u2019histoire (suite\u2026)\" \/>\n<meta property=\"og:url\" content=\"https:\/\/www.travmagazine.be\/fr\/air-europa-quarante-ans-desprit-pionnier-et-de-croissance\/\" \/>\n<meta property=\"og:site_name\" content=\"TravMagazine\" \/>\n<meta property=\"article:publisher\" content=\"https:\/\/www.facebook.com\/travmagazine\" \/>\n<meta property=\"article:published_time\" content=\"2026-09-03T11:25:49+00:00\" \/>\n<meta property=\"og:image\" content=\"https:\/\/www.travmagazine.be\/wp-content\/uploads\/2026\/09\/Linea-del-tiempo-AE-EN-2_page-0001-scaled.jpg\" \/>\n\t<meta property=\"og:image:width\" content=\"2048\" \/>\n\t<meta property=\"og:image:height\" content=\"1449\" \/>\n\t<meta property=\"og:image:type\" content=\"image\/jpeg\" \/>\n<meta name=\"author\" content=\"Advertorial\" \/>\n<meta name=\"twitter:label1\" content=\"\u00c9crit par\" \/>\n\t<meta name=\"twitter:data1\" content=\"Bart Matthijs\" \/>\n\t<meta name=\"twitter:label2\" content=\"Dur\u00e9e de lecture estim\u00e9e\" \/>\n\t<meta name=\"twitter:data2\" content=\"2 minutes\" \/>\n<script type=\"application\/ld+json\" class=\"yoast-schema-graph\">{\"@context\":\"https:\\\/\\\/schema.org\",\"@graph\":[{\"@type\":\"Article\",\"@id\":\"https:\\\/\\\/www.travmagazine.be\\\/fr\\\/air-europa-quarante-ans-desprit-pionnier-et-de-croissance\\\/#article\",\"isPartOf\":{\"@id\":\"https:\\\/\\\/www.travmagazine.be\\\/fr\\\/air-europa-quarante-ans-desprit-pionnier-et-de-croissance\\\/\"},\"author\":{\"name\":\"Bart Matthijs\",\"@id\":\"https:\\\/\\\/www.travmagazine.be\\\/fr\\\/#\\\/schema\\\/person\\\/695b968c25d698cd0616d1d1c28a826d\"},\"headline\":\"Air Europa : quarante ans d\u2019esprit pionnier et de croissance\",\"datePublished\":\"2026-09-03T11:25:49+00:00\",\"mainEntityOfPage\":{\"@id\":\"https:\\\/\\\/www.travmagazine.be\\\/fr\\\/air-europa-quarante-ans-desprit-pionnier-et-de-croissance\\\/\"},\"wordCount\":308,\"commentCount\":0,\"publisher\":{\"@id\":\"https:\\\/\\\/www.travmagazine.be\\\/fr\\\/#organization\"},\"image\":{\"@id\":\"https:\\\/\\\/www.travmagazine.be\\\/fr\\\/air-europa-quarante-ans-desprit-pionnier-et-de-croissance\\\/#primaryimage\"},\"thumbnailUrl\":\"https:\\\/\\\/www.travmagazine.be\\\/wp-content\\\/uploads\\\/2026\\\/09\\\/Linea-del-tiempo-AE-EN-2_page-0001-scaled.jpg\",\"articleSection\":[\"Nouvelles\"],\"inLanguage\":\"fr-FR\",\"potentialAction\":[{\"@type\":\"CommentAction\",\"name\":\"Comment\",\"target\":[\"https:\\\/\\\/www.travmagazine.be\\\/fr\\\/air-europa-quarante-ans-desprit-pionnier-et-de-croissance\\\/#respond\"]}]},{\"@type\":\"WebPage\",\"@id\":\"https:\\\/\\\/www.travmagazine.be\\\/fr\\\/air-europa-quarante-ans-desprit-pionnier-et-de-croissance\\\/\",\"url\":\"https:\\\/\\\/www.travmagazine.be\\\/fr\\\/air-europa-quarante-ans-desprit-pionnier-et-de-croissance\\\/\",\"name\":\"Air Europa : quarante ans d\u2019esprit pionnier et de croissance - TravMagazine\",\"isPartOf\":{\"@id\":\"https:\\\/\\\/www.travmagazine.be\\\/fr\\\/#website\"},\"primaryImageOfPage\":{\"@id\":\"https:\\\/\\\/www.travmagazine.be\\\/fr\\\/air-europa-quarante-ans-desprit-pionnier-et-de-croissance\\\/#primaryimage\"},\"image\":{\"@id\":\"https:\\\/\\\/www.travmagazine.be\\\/fr\\\/air-europa-quarante-ans-desprit-pionnier-et-de-croissance\\\/#primaryimage\"},\"thumbnailUrl\":\"https:\\\/\\\/www.travmagazine.be\\\/wp-content\\\/uploads\\\/2026\\\/09\\\/Linea-del-tiempo-AE-EN-2_page-0001-scaled.jpg\",\"datePublished\":\"2026-09-03T11:25:49+00:00\",\"breadcrumb\":{\"@id\":\"https:\\\/\\\/www.travmagazine.be\\\/fr\\\/air-europa-quarante-ans-desprit-pionnier-et-de-croissance\\\/#breadcrumb\"},\"inLanguage\":\"fr-FR\",\"potentialAction\":[{\"@type\":\"ReadAction\",\"target\":[\"https:\\\/\\\/www.travmagazine.be\\\/fr\\\/air-europa-quarante-ans-desprit-pionnier-et-de-croissance\\\/\"]}]},{\"@type\":\"ImageObject\",\"inLanguage\":\"fr-FR\",\"@id\":\"https:\\\/\\\/www.travmagazine.be\\\/fr\\\/air-europa-quarante-ans-desprit-pionnier-et-de-croissance\\\/#primaryimage\",\"url\":\"https:\\\/\\\/www.travmagazine.be\\\/wp-content\\\/uploads\\\/2026\\\/09\\\/Linea-del-tiempo-AE-EN-2_page-0001-scaled.jpg\",\"contentUrl\":\"https:\\\/\\\/www.travmagazine.be\\\/wp-content\\\/uploads\\\/2026\\\/09\\\/Linea-del-tiempo-AE-EN-2_page-0001-scaled.jpg\",\"width\":2048,\"height\":1449},{\"@type\":\"BreadcrumbList\",\"@id\":\"https:\\\/\\\/www.travmagazine.be\\\/fr\\\/air-europa-quarante-ans-desprit-pionnier-et-de-croissance\\\/#breadcrumb\",\"itemListElement\":[{\"@type\":\"ListItem\",\"position\":1,\"name\":\"Home\",\"item\":\"https:\\\/\\\/www.travmagazine.be\\\/fr\\\/home\\\/\"},{\"@type\":\"ListItem\",\"position\":2,\"name\":\"Air Europa : quarante ans d\u2019esprit pionnier et de croissance\"}]},{\"@type\":\"WebSite\",\"@id\":\"https:\\\/\\\/www.travmagazine.be\\\/fr\\\/#website\",\"url\":\"https:\\\/\\\/www.travmagazine.be\\\/fr\\\/\",\"name\":\"TravMagazine\",\"description\":\"Het grootste reisvakblad van Belgi\u00eb\",\"publisher\":{\"@id\":\"https:\\\/\\\/www.travmagazine.be\\\/fr\\\/#organization\"},\"potentialAction\":[{\"@type\":\"SearchAction\",\"target\":{\"@type\":\"EntryPoint\",\"urlTemplate\":\"https:\\\/\\\/www.travmagazine.be\\\/fr\\\/?s={search_term_string}\"},\"query-input\":{\"@type\":\"PropertyValueSpecification\",\"valueRequired\":true,\"valueName\":\"search_term_string\"}}],\"inLanguage\":\"fr-FR\"},{\"@type\":\"Organization\",\"@id\":\"https:\\\/\\\/www.travmagazine.be\\\/fr\\\/#organization\",\"name\":\"TravMagazine\",\"url\":\"https:\\\/\\\/www.travmagazine.be\\\/fr\\\/\",\"logo\":{\"@type\":\"ImageObject\",\"inLanguage\":\"fr-FR\",\"@id\":\"https:\\\/\\\/www.travmagazine.be\\\/fr\\\/#\\\/schema\\\/logo\\\/image\\\/\",\"url\":\"https:\\\/\\\/www.travmagazine.be\\\/wp-content\\\/uploads\\\/2016\\\/02\\\/Logo-Trav-Magazine_rgb.png\",\"contentUrl\":\"https:\\\/\\\/www.travmagazine.be\\\/wp-content\\\/uploads\\\/2016\\\/02\\\/Logo-Trav-Magazine_rgb.png\",\"width\":1489,\"height\":288,\"caption\":\"TravMagazine\"},\"image\":{\"@id\":\"https:\\\/\\\/www.travmagazine.be\\\/fr\\\/#\\\/schema\\\/logo\\\/image\\\/\"},\"sameAs\":[\"https:\\\/\\\/www.facebook.com\\\/travmagazine\",\"https:\\\/\\\/x.com\\\/travmagazine\",\"https:\\\/\\\/www.linkedin.com\\\/company\\\/travmagazine-belgi\u00eb-luxemburg\\\/\"]},{\"@type\":\"Person\",\"@id\":\"https:\\\/\\\/www.travmagazine.be\\\/fr\\\/#\\\/schema\\\/person\\\/695b968c25d698cd0616d1d1c28a826d\",\"name\":\"Bart Matthijs\",\"image\":{\"@type\":\"ImageObject\",\"inLanguage\":\"fr-FR\",\"@id\":\"https:\\\/\\\/www.travmagazine.be\\\/wp-content\\\/uploads\\\/2021\\\/11\\\/Bart-750x420-V2.jpg9fe6b8c7880f1d10055540d994c718cb\",\"url\":\"https:\\\/\\\/www.travmagazine.be\\\/wp-content\\\/uploads\\\/2021\\\/11\\\/Bart-750x420-V2.jpg\",\"contentUrl\":\"https:\\\/\\\/www.travmagazine.be\\\/wp-content\\\/uploads\\\/2021\\\/11\\\/Bart-750x420-V2.jpg\",\"caption\":\"Bart Matthijs\"},\"url\":\"https:\\\/\\\/www.travmagazine.be\\\/fr\\\/author\\\/bart-matthijs\\\/\"}]}<\/script>\n<!-- \/ Yoast SEO Premium plugin. -->","yoast_head_json":{"title":"Air Europa : quarante ans d\u2019esprit pionnier et de croissance - TravMagazine","robots":{"index":"index","follow":"follow","max-snippet":"max-snippet:-1","max-image-preview":"max-image-preview:large","max-video-preview":"max-video-preview:-1"},"canonical":"https:\/\/www.travmagazine.be\/fr\/air-europa-quarante-ans-desprit-pionnier-et-de-croissance\/","og_locale":"fr_FR","og_type":"article","og_title":"Air Europa : quarante ans d\u2019esprit pionnier et de croissance","og_description":"Ce qui a commenc\u00e9 en 1986 par un premier vol commercial entre Tenerife et Londres est devenu, quatre d\u00e9cennies plus tard, une compagnie a\u00e9rienne reliant l\u2019Europe et l\u2019Am\u00e9rique. Air Europa c\u00e9l\u00e8bre son quaranti\u00e8me anniversaire en revenant sur une histoire jalonn\u00e9e d\u2019innovations et d\u2019expansion internationale. D\u00e8s 1988, la compagnie marque l\u2019histoire (suite\u2026)","og_url":"https:\/\/www.travmagazine.be\/fr\/air-europa-quarante-ans-desprit-pionnier-et-de-croissance\/","og_site_name":"TravMagazine","article_publisher":"https:\/\/www.facebook.com\/travmagazine","article_published_time":"2026-09-03T11:25:49+00:00","og_image":[{"width":2048,"height":1449,"url":"https:\/\/www.travmagazine.be\/wp-content\/uploads\/2026\/09\/Linea-del-tiempo-AE-EN-2_page-0001-scaled.jpg","type":"image\/jpeg"}],"author":"Advertorial","twitter_misc":{"\u00c9crit par":"Bart Matthijs","Dur\u00e9e de lecture estim\u00e9e":"2 minutes"},"schema":{"@context":"https:\/\/schema.org","@graph":[{"@type":"Article","@id":"https:\/\/www.travmagazine.be\/fr\/air-europa-quarante-ans-desprit-pionnier-et-de-croissance\/#article","isPartOf":{"@id":"https:\/\/www.travmagazine.be\/fr\/air-europa-quarante-ans-desprit-pionnier-et-de-croissance\/"},"author":{"name":"Bart Matthijs","@id":"https:\/\/www.travmagazine.be\/fr\/#\/schema\/person\/695b968c25d698cd0616d1d1c28a826d"},"headline":"Air Europa : quarante ans d\u2019esprit pionnier et de croissance","datePublished":"2026-09-03T11:25:49+00:00","mainEntityOfPage":{"@id":"https:\/\/www.travmagazine.be\/fr\/air-europa-quarante-ans-desprit-pionnier-et-de-croissance\/"},"wordCount":308,"commentCount":0,"publisher":{"@id":"https:\/\/www.travmagazine.be\/fr\/#organization"},"image":{"@id":"https:\/\/www.travmagazine.be\/fr\/air-europa-quarante-ans-desprit-pionnier-et-de-croissance\/#primaryimage"},"thumbnailUrl":"https:\/\/www.travmagazine.be\/wp-content\/uploads\/2026\/09\/Linea-del-tiempo-AE-EN-2_page-0001-scaled.jpg","articleSection":["Nouvelles"],"inLanguage":"fr-FR","potentialAction":[{"@type":"CommentAction","name":"Comment","target":["https:\/\/www.travmagazine.be\/fr\/air-europa-quarante-ans-desprit-pionnier-et-de-croissance\/#respond"]}]},{"@type":"WebPage","@id":"https:\/\/www.travmagazine.be\/fr\/air-europa-quarante-ans-desprit-pionnier-et-de-croissance\/","url":"https:\/\/www.travmagazine.be\/fr\/air-europa-quarante-ans-desprit-pionnier-et-de-croissance\/","name":"Air Europa : quarante ans d\u2019esprit pionnier et de croissance - TravMagazine","isPartOf":{"@id":"https:\/\/www.travmagazine.be\/fr\/#website"},"primaryImageOfPage":{"@id":"https:\/\/www.travmagazine.be\/fr\/air-europa-quarante-ans-desprit-pionnier-et-de-croissance\/#primaryimage"},"image":{"@id":"https:\/\/www.travmagazine.be\/fr\/air-europa-quarante-ans-desprit-pionnier-et-de-croissance\/#primaryimage"},"thumbnailUrl":"https:\/\/www.travmagazine.be\/wp-content\/uploads\/2026\/09\/Linea-del-tiempo-AE-EN-2_page-0001-scaled.jpg","datePublished":"2026-09-03T11:25:49+00:00","breadcrumb":{"@id":"https:\/\/www.travmagazine.be\/fr\/air-europa-quarante-ans-desprit-pionnier-et-de-croissance\/#breadcrumb"},"inLanguage":"fr-FR","potentialAction":[{"@type":"ReadAction","target":["https:\/\/www.travmagazine.be\/fr\/air-europa-quarante-ans-desprit-pionnier-et-de-croissance\/"]}]},{"@type":"ImageObject","inLanguage":"fr-FR","@id":"https:\/\/www.travmagazine.be\/fr\/air-europa-quarante-ans-desprit-pionnier-et-de-croissance\/#primaryimage","url":"https:\/\/www.travmagazine.be\/wp-content\/uploads\/2026\/09\/Linea-del-tiempo-AE-EN-2_page-0001-scaled.jpg","contentUrl":"https:\/\/www.travmagazine.be\/wp-content\/uploads\/2026\/09\/Linea-del-tiempo-AE-EN-2_page-0001-scaled.jpg","width":2048,"height":1449},{"@type":"BreadcrumbList","@id":"https:\/\/www.travmagazine.be\/fr\/air-europa-quarante-ans-desprit-pionnier-et-de-croissance\/#breadcrumb","itemListElement":[{"@type":"ListItem","position":1,"name":"Home","item":"https:\/\/www.travmagazine.be\/fr\/home\/"},{"@type":"ListItem","position":2,"name":"Air Europa : quarante ans d\u2019esprit pionnier et de croissance"}]},{"@type":"WebSite","@id":"https:\/\/www.travmagazine.be\/fr\/#website","url":"https:\/\/www.travmagazine.be\/fr\/","name":"TravMagazine","description":"Het grootste reisvakblad van Belgi\u00eb","publisher":{"@id":"https:\/\/www.travmagazine.be\/fr\/#organization"},"potentialAction":[{"@type":"SearchAction","target":{"@type":"EntryPoint","urlTemplate":"https:\/\/www.travmagazine.be\/fr\/?s={search_term_string}"},"query-input":{"@type":"PropertyValueSpecification","valueRequired":true,"valueName":"search_term_string"}}],"inLanguage":"fr-FR"},{"@type":"Organization","@id":"https:\/\/www.travmagazine.be\/fr\/#organization","name":"TravMagazine","url":"https:\/\/www.travmagazine.be\/fr\/","logo":{"@type":"ImageObject","inLanguage":"fr-FR","@id":"https:\/\/www.travmagazine.be\/fr\/#\/schema\/logo\/image\/","url":"https:\/\/www.travmagazine.be\/wp-content\/uploads\/2016\/02\/Logo-Trav-Magazine_rgb.png","contentUrl":"https:\/\/www.travmagazine.be\/wp-content\/uploads\/2016\/02\/Logo-Trav-Magazine_rgb.png","width":1489,"height":288,"caption":"TravMagazine"},"image":{"@id":"https:\/\/www.travmagazine.be\/fr\/#\/schema\/logo\/image\/"},"sameAs":["https:\/\/www.facebook.com\/travmagazine","https:\/\/x.com\/travmagazine","https:\/\/www.linkedin.com\/company\/travmagazine-belgi\u00eb-luxemburg\/"]},{"@type":"Person","@id":"https:\/\/www.travmagazine.be\/fr\/#\/schema\/person\/695b968c25d698cd0616d1d1c28a826d","name":"Bart Matthijs","image":{"@type":"ImageObject","inLanguage":"fr-FR","@id":"https:\/\/www.travmagazine.be\/wp-content\/uploads\/2021\/11\/Bart-750x420-V2.jpg9fe6b8c7880f1d10055540d994c718cb","url":"https:\/\/www.travmagazine.be\/wp-content\/uploads\/2021\/11\/Bart-750x420-V2.jpg","contentUrl":"https:\/\/www.travmagazine.be\/wp-content\/uploads\/2021\/11\/Bart-750x420-V2.jpg","caption":"Bart Matthijs"},"url":"https:\/\/www.travmagazine.be\/fr\/author\/bart-matthijs\/"}]}},"featured_image_src":"https:\/\/www.travmagazine.be\/wp-content\/uploads\/2026\/09\/Linea-del-tiempo-AE-EN-2_page-0001-600x400.jpg","featured_image_src_square":"https:\/\/www.travmagazine.be\/wp-content\/uploads\/2026\/09\/Linea-del-tiempo-AE-EN-2_page-0001-600x600.jpg","author_info":{"display_name":"Bart Matthijs","author_link":"https:\/\/www.travmagazine.be\/fr\/author\/bart-matthijs\/"},"publishpress_future_action":{"enabled":false,"date":"2026-09-11 06:25:49","action":"change-status","newStatus":"draft","terms":[],"taxonomy":"category","extraData":[]},"publishpress_future_workflow_manual_trigger":{"enabledWorkflows":[]},"authors":[{"term_id":48305,"user_id":0,"is_guest":1,"slug":"advertorial","display_name":"Advertorial","avatar_url":"https:\/\/secure.gravatar.com\/avatar\/f96987513cefd7fe7aefafec9cb1d35faaa037f40899777a3a55801dec71575e?s=96&d=mm&r=g","author_category":"","user_url":"","last_name":"","first_name":"Advertorial","user_email_2":"","job_title":"","description":""}],"_links":{"self":[{"href":"https:\/\/www.travmagazine.be\/fr\/wp-json\/wp\/v2\/posts\/96253","targetHints":{"allow":["GET"]}}],"collection":[{"href":"https:\/\/www.travmagazine.be\/fr\/wp-json\/wp\/v2\/posts"}],"about":[{"href":"https:\/\/www.travmagazine.be\/fr\/wp-json\/wp\/v2\/types\/post"}],"author":[{"embeddable":true,"href":"https:\/\/www.travmagazine.be\/fr\/wp-json\/wp\/v2\/users\/20255"}],"replies":[{"embeddable":true,"href":"https:\/\/www.travmagazine.be\/fr\/wp-json\/wp\/v2\/comments?post=96253"}],"version-history":[{"count":1,"href":"https:\/\/www.travmagazine.be\/fr\/wp-json\/wp\/v2\/posts\/96253\/revisions"}],"predecessor-version":[{"id":96254,"href":"https:\/\/www.travmagazine.be\/fr\/wp-json\/wp\/v2\/posts\/96253\/revisions\/96254"}],"wp:featuredmedia":[{"embeddable":true,"href":"https:\/\/www.travmagazine.be\/fr\/wp-json\/wp\/v2\/media\/96251"}],"wp:attachment":[{"href":"https:\/\/www.travmagazine.be\/fr\/wp-json\/wp\/v2\/media?parent=96253"}],"wp:term":[{"taxonomy":"category","embeddable":true,"href":"https:\/\/www.travmagazine.be\/fr\/wp-json\/wp\/v2\/categories?post=96253"},{"taxonomy":"post_tag","embeddable":true,"href":"https:\/\/www.travmagazine.be\/fr\/wp-json\/wp\/v2\/tags?post=96253"},{"taxonomy":"author","embeddable":true,"href":"https:\/\/www.travmagazine.be\/fr\/wp-json\/wp\/v2\/ppma_author?post=96253"}],"curies":[{"name":"wp","href":"https:\/\/api.w.org\/{rel}","templated":true}]}}